{"id":106030,"date":"2026-04-17T08:57:55","date_gmt":"2026-04-17T06:57:55","guid":{"rendered":"https:\/\/marinatextil.com\/news\/marina-textil-vuelve-a-techtextil-con-sus-ultimas-innovaciones\/"},"modified":"2026-04-17T08:57:56","modified_gmt":"2026-04-17T06:57:56","slug":"marina-textil-vuelve-a-techtextil-con-sus-ultimas-innovaciones","status":"publish","type":"post","link":"https:\/\/marinatextil.com\/es\/news\/marina-textil-vuelve-a-techtextil-con-sus-ultimas-innovaciones\/","title":{"rendered":"Marina Textil vuelve a Techtextil con sus \u00faltimas innovaciones"},"content":{"rendered":"\t\t<div data-elementor-type=\"wp-post\" data-elementor-id=\"106030\" class=\"elementor elementor-106030 elementor-105929\" data-elementor-post-type=\"post\">\n\t\t\t\t<div class=\"elementor-element elementor-element-2774dce e-flex e-con-boxed e-con e-parent\" data-id=\"2774dce\" data-element_type=\"container\" data-e-type=\"container\" data-settings=\"{&quot;jet_parallax_layout_list&quot;:[]}\">\n\t\t\t\t\t<div class=\"e-con-inner\">\n\t\t\t\t<div class=\"elementor-element elementor-element-4d74623 elementor-widget elementor-widget-text-editor\" data-id=\"4d74623\" data-element_type=\"widget\" data-e-type=\"widget\" data-widget_type=\"text-editor.default\">\n\t\t\t\t<div class=\"elementor-widget-container\">\n\t\t\t\t\t\t\t\t\t<p><strong>Marina Textil<\/strong> volver\u00e1 a participar en <strong>Techtextil<\/strong>, la feria internacional l\u00edder de textiles t\u00e9cnicos y no tejidos, celebrada en Frankfurt. Este evento es un punto de encuentro clave para el sector y una gran oportunidad para presentar nuestras \u00faltimas innovaciones en tejidos de alto rendimiento.<br \/><b><\/b><\/p>\n<h2>Un stand centrado en la innovaci\u00f3n y la sostenibilidad<\/h2>\n<p>En esta edici\u00f3n, el stand de Marina Textil se centrar\u00e1 en dos pilares estrat\u00e9gicos principales: la innovaci\u00f3n en textiles de protecci\u00f3n y el desarrollo de soluciones sostenibles.<\/p>\n<p>Los visitantes descubrir\u00e1n nuevas propuestas que combinan alto rendimiento t\u00e9cnico, confort y responsabilidad medioambiental, adaptadas para responder a las exigencias de los entornos m\u00e1s desafiantes.<\/p>\n<h3><strong>Infinit: el nuevo tejido clave<\/strong><\/h3>\n<p>Uno de los principales protagonistas de la feria ser\u00e1 <strong>Infinit<\/strong>, un tejido ign\u00edfugo multinorma desarrollado para ofrecer la m\u00e1xima protecci\u00f3n sin renunciar al confort.<\/p>\n<p>Este tejido ha sido dise\u00f1ado para cumplir tanto con las normativas europeas como americanas en protecci\u00f3n frente al fuego y al arco el\u00e9ctrico, garantizando seguridad en sectores altamente exigentes como el petroqu\u00edmico, el\u00e9ctrico e industrial.<\/p>\n<p>Sus caracter\u00edsticas principales incluyen:<\/p>\n<ul>\n<li>Protecci\u00f3n inherente y permanente, mantenida durante toda la vida \u00fatil de la prenda<\/li>\n<li>Alta resistencia al fuego y al arco el\u00e9ctrico, cumpliendo m\u00faltiples normativas internacionales<\/li>\n<li>Excelente confort para el usuario, esencial en equipos de protecci\u00f3n individual<\/li>\n<li>Gran durabilidad, con alta resistencia a la abrasi\u00f3n y estabilidad tras lavados industriales<\/li>\n<li>Apariencia y rendimiento constantes, sin cambios visibles con el paso del tiempo<\/li>\n<\/ul>\n<p><\/p>\n<div><\/div>\n<p>Infinit representa un avance significativo en el desarrollo de tejidos para EPI (Equipos de Protecci\u00f3n Individual), combinando seguridad, durabilidad y confort en una sola soluci\u00f3n.<\/p>\n\t\t\t\t\t\t\t\t<\/div>\n\t\t\t\t<\/div>\n\t\t\t\t<div class=\"elementor-element elementor-element-7bd2081 elementor-widget elementor-widget-image\" data-id=\"7bd2081\" data-element_type=\"widget\" data-e-type=\"widget\" data-widget_type=\"image.default\">\n\t\t\t\t<div class=\"elementor-widget-container\">\n\t\t\t\t\t\t\t\t\t\t\t\t\t\t\t<img fetchpriority=\"high\" decoding=\"async\" width=\"800\" height=\"533\" src=\"https:\/\/marinatextil.com\/wp-content\/uploads\/2026\/04\/Techtextil_Infinit_Marina_Textil.webp\" class=\"attachment-large size-large wp-image-105933\" alt=\"\" srcset=\"https:\/\/marinatextil.com\/wp-content\/uploads\/2026\/04\/Techtextil_Infinit_Marina_Textil.webp 900w, https:\/\/marinatextil.com\/wp-content\/uploads\/2026\/04\/Techtextil_Infinit_Marina_Textil-300x200.webp 300w, https:\/\/marinatextil.com\/wp-content\/uploads\/2026\/04\/Techtextil_Infinit_Marina_Textil-768x512.webp 768w\" sizes=\"(max-width: 800px) 100vw, 800px\" \/>\t\t\t\t\t\t\t\t\t\t\t\t\t\t\t<\/div>\n\t\t\t\t<\/div>\n\t\t\t\t<div class=\"elementor-element elementor-element-dcc97b6 elementor-widget elementor-widget-text-editor\" data-id=\"dcc97b6\" data-element_type=\"widget\" data-e-type=\"widget\" data-widget_type=\"text-editor.default\">\n\t\t\t\t<div class=\"elementor-widget-container\">\n\t\t\t\t\t\t\t\t\t<h3><strong>Compromiso con la sostenibilidad<\/strong><\/h3>\n<p>Adem\u00e1s de las innovaciones de protecci\u00f3n, Marina Textil tambi\u00e9n presentar\u00e1 su gama de tejidos sostenibles y reciclados, desarrollados para reducir el impacto ambiental sin comprometer el rendimiento t\u00e9cnico.<\/p>\n<p>Estas soluciones responden a la creciente demanda del mercado de productos m\u00e1s responsables y forman parte del compromiso continuo de la empresa con una industria textil m\u00e1s sostenible.<\/p>\n\t\t\t\t\t\t\t\t<\/div>\n\t\t\t\t<\/div>\n\t\t\t\t<div class=\"elementor-element elementor-element-c5459fe elementor-widget elementor-widget-image\" data-id=\"c5459fe\" data-element_type=\"widget\" data-e-type=\"widget\" data-widget_type=\"image.default\">\n\t\t\t\t<div class=\"elementor-widget-container\">\n\t\t\t\t\t\t\t\t\t\t\t\t\t\t\t<img decoding=\"async\" width=\"800\" height=\"534\" src=\"https:\/\/marinatextil.com\/wp-content\/uploads\/2026\/04\/Imatge_blog-sostenibilitat-1024x683.webp\" class=\"attachment-large size-large wp-image-105946\" alt=\"\" srcset=\"https:\/\/marinatextil.com\/wp-content\/uploads\/2026\/04\/Imatge_blog-sostenibilitat-1024x683.webp 1024w, https:\/\/marinatextil.com\/wp-content\/uploads\/2026\/04\/Imatge_blog-sostenibilitat-300x200.webp 300w, https:\/\/marinatextil.com\/wp-content\/uploads\/2026\/04\/Imatge_blog-sostenibilitat-768x512.webp 768w, https:\/\/marinatextil.com\/wp-content\/uploads\/2026\/04\/Imatge_blog-sostenibilitat.webp 1152w\" sizes=\"(max-width: 800px) 100vw, 800px\" \/>\t\t\t\t\t\t\t\t\t\t\t\t\t\t\t<\/div>\n\t\t\t\t<\/div>\n\t\t\t\t<div class=\"elementor-element elementor-element-3b1d751 elementor-widget elementor-widget-text-editor\" data-id=\"3b1d751\" data-element_type=\"widget\" data-e-type=\"widget\" data-widget_type=\"text-editor.default\">\n\t\t\t\t<div class=\"elementor-widget-container\">\n\t\t\t\t\t\t\t\t\t<p><strong>Vis\u00edtanos en Techtextil<\/strong><\/p>\n<p>Invitamos a clientes, socios y profesionales del sector a visitarnos y descubrir de primera mano nuestras \u00faltimas innovaciones.<\/p>\n<p><strong>Ubicaci\u00f3n:<\/strong> Frankfurt am Main, Alemania<br \/><strong>Evento:<\/strong> Techtextil<br \/><strong>Stand:<\/strong> Pabell\u00f3n 9, Stand D12<\/p>\n<p>Nuestro equipo estar\u00e1 disponible durante todo el evento para presentar nuestras soluciones y hablar sobre sus necesidades espec\u00edficas.<\/p>\n\t\t\t\t\t\t\t\t<\/div>\n\t\t\t\t<\/div>\n\t\t\t\t\t<\/div>\n\t\t\t\t<\/div>\n\t\t<div class=\"elementor-element elementor-element-032faad e-flex e-con-boxed e-con e-parent\" data-id=\"032faad\" data-element_type=\"container\" data-e-type=\"container\" data-settings=\"{&quot;jet_parallax_layout_list&quot;:[]}\">\n\t\t\t\t\t<div class=\"e-con-inner\">\n\t\t\t\t<div class=\"elementor-element elementor-element-22eb709 elementor-align-center elementor-widget elementor-widget-button\" data-id=\"22eb709\" data-element_type=\"widget\" data-e-type=\"widget\" data-widget_type=\"button.default\">\n\t\t\t\t<div class=\"elementor-widget-container\">\n\t\t\t\t\t\t\t\t\t<div class=\"elementor-button-wrapper\">\n\t\t\t\t\t<a class=\"elementor-button elementor-button-link elementor-size-sm\" href=\"https:\/\/marinatextil.com\/es\/contacto\/\" target=\"_blank\">\n\t\t\t\t\t\t<span class=\"elementor-button-content-wrapper\">\n\t\t\t\t\t\t\t\t\t<span class=\"elementor-button-text\">Contactar<\/span>\n\t\t\t\t\t<\/span>\n\t\t\t\t\t<\/a>\n\t\t\t\t<\/div>\n\t\t\t\t\t\t\t\t<\/div>\n\t\t\t\t<\/div>\n\t\t\t\t\t<\/div>\n\t\t\t\t<\/div>\n\t\t\t\t<\/div>\n\t\t","protected":false},"excerpt":{"rendered":"<p>Marina Textil volver\u00e1 a participar en Techtextil, la feria internacional l\u00edder de textiles t\u00e9cnicos y no tejidos, celebrada en Frankfurt. Este evento es un punto de encuentro clave para el sector y una gran oportunidad para presentar nuestras \u00faltimas innovaciones en tejidos de alto rendimiento. Un stand centrado en la innovaci\u00f3n y la sostenibilidad En [&hellip;]<\/p>\n","protected":false},"author":42,"featured_media":106035,"comment_status":"closed","ping_status":"open","sticky":false,"template":"","format":"standard","meta":{"footnotes":""},"categories":[4617],"tags":[],"class_list":["post-106030","post","type-post","status-publish","format-standard","has-post-thumbnail","hentry","category-eventos"],"_links":{"self":[{"href":"https:\/\/marinatextil.com\/es\/wp-json\/wp\/v2\/posts\/106030","targetHints":{"allow":["GET"]}}],"collection":[{"href":"https:\/\/marinatextil.com\/es\/wp-json\/wp\/v2\/posts"}],"about":[{"href":"https:\/\/marinatextil.com\/es\/wp-json\/wp\/v2\/types\/post"}],"author":[{"embeddable":true,"href":"https:\/\/marinatextil.com\/es\/wp-json\/wp\/v2\/users\/42"}],"replies":[{"embeddable":true,"href":"https:\/\/marinatextil.com\/es\/wp-json\/wp\/v2\/comments?post=106030"}],"version-history":[{"count":1,"href":"https:\/\/marinatextil.com\/es\/wp-json\/wp\/v2\/posts\/106030\/revisions"}],"predecessor-version":[{"id":106031,"href":"https:\/\/marinatextil.com\/es\/wp-json\/wp\/v2\/posts\/106030\/revisions\/106031"}],"wp:featuredmedia":[{"embeddable":true,"href":"https:\/\/marinatextil.com\/es\/wp-json\/wp\/v2\/media\/106035"}],"wp:attachment":[{"href":"https:\/\/marinatextil.com\/es\/wp-json\/wp\/v2\/media?parent=106030"}],"wp:term":[{"taxonomy":"category","embeddable":true,"href":"https:\/\/marinatextil.com\/es\/wp-json\/wp\/v2\/categories?post=106030"},{"taxonomy":"post_tag","embeddable":true,"href":"https:\/\/marinatextil.com\/es\/wp-json\/wp\/v2\/tags?post=106030"}],"curies":[{"name":"wp","href":"https:\/\/api.w.org\/{rel}","templated":true}]}}