{"id":68076,"date":"2024-05-09T10:00:11","date_gmt":"2024-05-09T08:00:11","guid":{"rendered":"https:\/\/marinatextil.com\/news\/nuestra-experiencia-en-techtextil"},"modified":"2025-06-20T08:49:12","modified_gmt":"2025-06-20T06:49:12","slug":"nuestra-experiencia-en-techtextil","status":"publish","type":"post","link":"https:\/\/marinatextil.com\/es\/news\/nuestra-experiencia-en-techtextil\/","title":{"rendered":"Nuestra experiencia en Techtextil"},"content":{"rendered":"\t\t<div data-elementor-type=\"wp-post\" data-elementor-id=\"68076\" class=\"elementor elementor-68076 elementor-64284\" data-elementor-post-type=\"post\">\n\t\t\t\t<div class=\"elementor-element elementor-element-66a30ca e-flex e-con-boxed e-con e-parent\" data-id=\"66a30ca\" data-element_type=\"container\" data-e-type=\"container\" data-settings=\"{&quot;jet_parallax_layout_list&quot;:[]}\">\n\t\t\t\t\t<div class=\"e-con-inner\">\n\t\t\t\t<div class=\"elementor-element elementor-element-960a770 elementor-widget elementor-widget-text-editor\" data-id=\"960a770\" data-element_type=\"widget\" data-e-type=\"widget\" data-widget_type=\"text-editor.default\">\n\t\t\t\t<div class=\"elementor-widget-container\">\n\t\t\t\t\t\t\t\t\t<p>Del 23 al 26 de abril, tuvimos el privilegio de participar en Techtextil, la prestigiosa feria internacional de textiles t\u00e9cnicos y no tejidos, celebrada en Fr\u00e1ncfort, Alemania. Este evento se ha consolidado como un escenario clave para presentar las \u00faltimas innovaciones del sector.<\/p>\n<p>Nuestros equipos de ventas, producto y compras pasaron toda la semana en Alemania para estar al tanto de cada detalle. Este evento fue el punto de encuentro con nuestros clientes y proveedores, as\u00ed como el mejor lugar para descubrir las \u00faltimas novedades del sector.<\/p>\n<p>Aprovechamos esta oportunidad para presentar nuestras \u00faltimas colecciones de tejidos t\u00e9cnicos reciclados y sostenibles: Smarko y Rmarko. Se ha desarrollado una nueva l\u00ednea de tejidos t\u00e9cnicos que combina alta funcionalidad con un impacto ambiental reducido, demostrando as\u00ed nuestro compromiso con la sostenibilidad en la industria textil.<\/p>\n<p>Le invitamos a explorar nuestra p\u00e1gina web, donde encontrar\u00e1 informaci\u00f3n detallada sobre nuestros productos y nuestras iniciativas de sostenibilidad. Queremos agradecer a todos los que nos visitaron durante nuestra participaci\u00f3n en Techtextil 2024. Ha sido fant\u00e1stico compartir estos momentos con ustedes y un placer ser parte de este evento crucial para la industria textil una vez m\u00e1s.<\/p>\n\t\t\t\t\t\t\t\t<\/div>\n\t\t\t\t<\/div>\n\t\t\t\t<div class=\"elementor-element elementor-element-9e72a0a elementor-align-center elementor-widget elementor-widget-button\" data-id=\"9e72a0a\" data-element_type=\"widget\" data-e-type=\"widget\" data-widget_type=\"button.default\">\n\t\t\t\t<div class=\"elementor-widget-container\">\n\t\t\t\t\t\t\t\t\t<div class=\"elementor-button-wrapper\">\n\t\t\t\t\t<a class=\"elementor-button elementor-button-link elementor-size-sm\" href=\"https:\/\/marinatextil.com\/es\/contacto\" target=\"_blank\">\n\t\t\t\t\t\t<span class=\"elementor-button-content-wrapper\">\n\t\t\t\t\t\t\t\t\t<span class=\"elementor-button-text\">M\u00e1s informaci\u00f3n<\/span>\n\t\t\t\t\t<\/span>\n\t\t\t\t\t<\/a>\n\t\t\t\t<\/div>\n\t\t\t\t\t\t\t\t<\/div>\n\t\t\t\t<\/div>\n\t\t\t\t\t<\/div>\n\t\t\t\t<\/div>\n\t\t<div class=\"elementor-element elementor-element-afb5122 e-flex e-con-boxed e-con e-parent\" data-id=\"afb5122\" data-element_type=\"container\" data-e-type=\"container\" data-settings=\"{&quot;jet_parallax_layout_list&quot;:[]}\">\n\t\t\t\t\t<div class=\"e-con-inner\">\n\t\t\t\t\t<\/div>\n\t\t\t\t<\/div>\n\t\t<div class=\"elementor-element elementor-element-8529be3 e-flex e-con-boxed e-con e-parent\" data-id=\"8529be3\" data-element_type=\"container\" data-e-type=\"container\" data-settings=\"{&quot;jet_parallax_layout_list&quot;:[]}\">\n\t\t\t\t\t<div class=\"e-con-inner\">\n\t\t\t\t<div class=\"elementor-element elementor-element-d04cdce elementor-widget elementor-widget-gallery\" data-id=\"d04cdce\" data-element_type=\"widget\" data-e-type=\"widget\" data-settings=\"{&quot;lazyload&quot;:&quot;yes&quot;,&quot;gallery_layout&quot;:&quot;grid&quot;,&quot;columns&quot;:4,&quot;columns_tablet&quot;:2,&quot;columns_mobile&quot;:1,&quot;gap&quot;:{&quot;unit&quot;:&quot;px&quot;,&quot;size&quot;:10,&quot;sizes&quot;:[]},&quot;gap_laptop&quot;:{&quot;unit&quot;:&quot;px&quot;,&quot;size&quot;:10,&quot;sizes&quot;:[]},&quot;gap_tablet&quot;:{&quot;unit&quot;:&quot;px&quot;,&quot;size&quot;:10,&quot;sizes&quot;:[]},&quot;gap_mobile&quot;:{&quot;unit&quot;:&quot;px&quot;,&quot;size&quot;:10,&quot;sizes&quot;:[]},&quot;link_to&quot;:&quot;file&quot;,&quot;aspect_ratio&quot;:&quot;3:2&quot;,&quot;overlay_background&quot;:&quot;yes&quot;,&quot;content_hover_animation&quot;:&quot;fade-in&quot;}\" data-widget_type=\"gallery.default\">\n\t\t\t\t<div class=\"elementor-widget-container\">\n\t\t\t\t\t\t\t<div class=\"elementor-gallery__container\">\n\t\t\t\t\t\t\t<a class=\"e-gallery-item elementor-gallery-item elementor-animated-content\" href=\"https:\/\/marinatextil.com\/wp-content\/uploads\/2025\/02\/20240425_103238-scaled-1.webp\" data-elementor-open-lightbox=\"yes\" data-elementor-lightbox-slideshow=\"d04cdce\" data-elementor-lightbox-title=\"20240425_103238-scaled\" data-e-action-hash=\"#elementor-action%3Aaction%3Dlightbox%26settings%3DeyJpZCI6NjQ0NjIsInVybCI6Imh0dHBzOlwvXC9tYXJpbmF0ZXh0aWwuY29tXC93cC1jb250ZW50XC91cGxvYWRzXC8yMDI1XC8wMlwvMjAyNDA0MjVfMTAzMjM4LXNjYWxlZC0xLndlYnAiLCJzbGlkZXNob3ciOiJkMDRjZGNlIn0%3D\">\n\t\t\t\t\t<div class=\"e-gallery-image elementor-gallery-item__image\" data-thumbnail=\"https:\/\/marinatextil.com\/wp-content\/uploads\/2025\/02\/20240425_103238-scaled-1-1024x768.webp\" data-width=\"800\" data-height=\"600\" aria-label=\"\" role=\"img\" ><\/div>\n\t\t\t\t\t\t\t\t\t\t\t<div class=\"elementor-gallery-item__overlay\"><\/div>\n\t\t\t\t\t\t\t\t\t\t\t\t\t\t<\/a>\n\t\t\t\t\t\t\t<a class=\"e-gallery-item elementor-gallery-item elementor-animated-content\" href=\"https:\/\/marinatextil.com\/wp-content\/uploads\/2025\/02\/20240425_103225-scaled-1.webp\" data-elementor-open-lightbox=\"yes\" data-elementor-lightbox-slideshow=\"d04cdce\" data-elementor-lightbox-title=\"20240425_103225-scaled\" data-e-action-hash=\"#elementor-action%3Aaction%3Dlightbox%26settings%3DeyJpZCI6NjQ0NjEsInVybCI6Imh0dHBzOlwvXC9tYXJpbmF0ZXh0aWwuY29tXC93cC1jb250ZW50XC91cGxvYWRzXC8yMDI1XC8wMlwvMjAyNDA0MjVfMTAzMjI1LXNjYWxlZC0xLndlYnAiLCJzbGlkZXNob3ciOiJkMDRjZGNlIn0%3D\">\n\t\t\t\t\t<div class=\"e-gallery-image elementor-gallery-item__image\" data-thumbnail=\"https:\/\/marinatextil.com\/wp-content\/uploads\/2025\/02\/20240425_103225-scaled-1-1024x768.webp\" data-width=\"800\" data-height=\"600\" aria-label=\"\" role=\"img\" ><\/div>\n\t\t\t\t\t\t\t\t\t\t\t<div class=\"elementor-gallery-item__overlay\"><\/div>\n\t\t\t\t\t\t\t\t\t\t\t\t\t\t<\/a>\n\t\t\t\t\t\t\t<a class=\"e-gallery-item elementor-gallery-item elementor-animated-content\" href=\"https:\/\/marinatextil.com\/wp-content\/uploads\/2025\/02\/20240424_184121-scaled-1.webp\" data-elementor-open-lightbox=\"yes\" data-elementor-lightbox-slideshow=\"d04cdce\" data-elementor-lightbox-title=\"20240424_184121-scaled\" data-e-action-hash=\"#elementor-action%3Aaction%3Dlightbox%26settings%3DeyJpZCI6NjQ0NjAsInVybCI6Imh0dHBzOlwvXC9tYXJpbmF0ZXh0aWwuY29tXC93cC1jb250ZW50XC91cGxvYWRzXC8yMDI1XC8wMlwvMjAyNDA0MjRfMTg0MTIxLXNjYWxlZC0xLndlYnAiLCJzbGlkZXNob3ciOiJkMDRjZGNlIn0%3D\">\n\t\t\t\t\t<div class=\"e-gallery-image elementor-gallery-item__image\" data-thumbnail=\"https:\/\/marinatextil.com\/wp-content\/uploads\/2025\/02\/20240424_184121-scaled-1-1024x768.webp\" data-width=\"800\" data-height=\"600\" aria-label=\"\" role=\"img\" ><\/div>\n\t\t\t\t\t\t\t\t\t\t\t<div class=\"elementor-gallery-item__overlay\"><\/div>\n\t\t\t\t\t\t\t\t\t\t\t\t\t\t<\/a>\n\t\t\t\t\t\t\t<a class=\"e-gallery-item elementor-gallery-item elementor-animated-content\" href=\"https:\/\/marinatextil.com\/wp-content\/uploads\/2025\/02\/20240424_140419-scaled-1.webp\" data-elementor-open-lightbox=\"yes\" data-elementor-lightbox-slideshow=\"d04cdce\" data-elementor-lightbox-title=\"20240424_140419-scaled\" data-e-action-hash=\"#elementor-action%3Aaction%3Dlightbox%26settings%3DeyJpZCI6NjQ0NTksInVybCI6Imh0dHBzOlwvXC9tYXJpbmF0ZXh0aWwuY29tXC93cC1jb250ZW50XC91cGxvYWRzXC8yMDI1XC8wMlwvMjAyNDA0MjRfMTQwNDE5LXNjYWxlZC0xLndlYnAiLCJzbGlkZXNob3ciOiJkMDRjZGNlIn0%3D\">\n\t\t\t\t\t<div class=\"e-gallery-image elementor-gallery-item__image\" data-thumbnail=\"https:\/\/marinatextil.com\/wp-content\/uploads\/2025\/02\/20240424_140419-scaled-1-1024x768.webp\" data-width=\"800\" data-height=\"600\" aria-label=\"\" role=\"img\" ><\/div>\n\t\t\t\t\t\t\t\t\t\t\t<div class=\"elementor-gallery-item__overlay\"><\/div>\n\t\t\t\t\t\t\t\t\t\t\t\t\t\t<\/a>\n\t\t\t\t\t<\/div>\n\t\t\t\t\t<\/div>\n\t\t\t\t<\/div>\n\t\t\t\t\t<\/div>\n\t\t\t\t<\/div>\n\t\t\t\t<\/div>\n\t\t","protected":false},"excerpt":{"rendered":"<p>Del 23 al 26 de abril, tuvimos el privilegio de participar en Techtextil, la prestigiosa feria internacional de textiles t\u00e9cnicos y no tejidos, celebrada en Fr\u00e1ncfort, Alemania. Este evento se ha consolidado como un escenario clave para presentar las \u00faltimas innovaciones del sector. Nuestros equipos de ventas, producto y compras pasaron toda la semana en [&hellip;]<\/p>\n","protected":false},"author":11,"featured_media":69566,"comment_status":"closed","ping_status":"open","sticky":false,"template":"","format":"standard","meta":{"footnotes":""},"categories":[4617],"tags":[],"class_list":["post-68076","post","type-post","status-publish","format-standard","has-post-thumbnail","hentry","category-eventos"],"_links":{"self":[{"href":"https:\/\/marinatextil.com\/es\/wp-json\/wp\/v2\/posts\/68076","targetHints":{"allow":["GET"]}}],"collection":[{"href":"https:\/\/marinatextil.com\/es\/wp-json\/wp\/v2\/posts"}],"about":[{"href":"https:\/\/marinatextil.com\/es\/wp-json\/wp\/v2\/types\/post"}],"author":[{"embeddable":true,"href":"https:\/\/marinatextil.com\/es\/wp-json\/wp\/v2\/users\/11"}],"replies":[{"embeddable":true,"href":"https:\/\/marinatextil.com\/es\/wp-json\/wp\/v2\/comments?post=68076"}],"version-history":[{"count":0,"href":"https:\/\/marinatextil.com\/es\/wp-json\/wp\/v2\/posts\/68076\/revisions"}],"wp:featuredmedia":[{"embeddable":true,"href":"https:\/\/marinatextil.com\/es\/wp-json\/wp\/v2\/media\/69566"}],"wp:attachment":[{"href":"https:\/\/marinatextil.com\/es\/wp-json\/wp\/v2\/media?parent=68076"}],"wp:term":[{"taxonomy":"category","embeddable":true,"href":"https:\/\/marinatextil.com\/es\/wp-json\/wp\/v2\/categories?post=68076"},{"taxonomy":"post_tag","embeddable":true,"href":"https:\/\/marinatextil.com\/es\/wp-json\/wp\/v2\/tags?post=68076"}],"curies":[{"name":"wp","href":"https:\/\/api.w.org\/{rel}","templated":true}]}}